{"id":212430,"date":"2025-09-15T12:03:50","date_gmt":"2025-09-15T10:03:50","guid":{"rendered":"https:\/\/www.luminordic.com\/akne-ja-armid-mida-teha-ja-kuidas-ennetada\/"},"modified":"2025-09-15T13:01:26","modified_gmt":"2025-09-15T11:01:26","slug":"akne-ja-armid-mida-teha-ja-kuidas-ennetada","status":"publish","type":"post","link":"https:\/\/www.luminordic.com\/en\/akne-ja-armid-mida-teha-ja-kuidas-ennetada\/","title":{"rendered":"Acne and scars \u2013 what to do and how to prevent them?"},"content":{"rendered":"<section class=\"regular-text-block\">\r\n    <div class=\"regular-text-block__container\">\r\n        <div class=\"regular-text-block__content\">\r\n            <p>Acne isn\u2019t just something young people deal with. More and more adults are struggling with painful inflammation that leaves behind stubborn red spots or even permanent scars. The good news? The earlier you act, the lower the risk of lasting skin damage.<\/p>\n<h3>How to prevent acne scars?<\/h3>\n<p>The key is to <strong>calm inflammation before it digs deeper<\/strong> into the skin, where scars take root.<\/p>\n<p>+ Begin caring for your skin the moment the first blemishes appear. <strong>Breakouts are cyclical, so your skin needs support even in the quiet phases.<\/strong><\/p>\n<p>+ Hands off! Squeezing may feel tempting, but it can push inflammation deeper. <strong>If extractions are needed, trust a professional.<\/strong><\/p>\n<p>+ Looking for a routine designed for your unique skin? <a href=\"https:\/\/www.luminordic.com\/en\/lumi-academy\/\"><strong>Click HERE to connect with our expert.<\/strong><\/a><\/p>\n<h3>Red and brown spots on the skin \u2013 are they really acne scars?<\/h3>\n<p data-start=\"972\" data-end=\"985\">Not always.<\/p>\n<p data-start=\"987\" data-end=\"1161\"><strong>PIE<\/strong> (redness) and <strong>PIH<\/strong> (brown spots) may look like scars, but they\u2019re actually temporary post-inflammatory changes. They don\u2019t cause permanent structural damage to the skin.<\/p>\n<p data-start=\"1163\" data-end=\"1256\"><strong>A scar<\/strong>, by contrast, <strong>is permanent<\/strong> \u2013 the result of lost collagen or excess scar tissue.<\/p>\n<h3 dir=\"rtl\" style=\"text-align: left;\">?PIE and PIH<\/h3>\n<p data-start=\"1284\" data-end=\"1321\"><strong data-start=\"1284\" data-end=\"1319\">PIE \u2013 Postinflammatory Erythema<\/strong><\/p>\n<ul data-start=\"1322\" data-end=\"1487\">\n<li data-start=\"1322\" data-end=\"1368\">\n<p data-start=\"1324\" data-end=\"1368\">Redness caused by damage to blood vessels.<\/p>\n<\/li>\n<li data-start=\"1369\" data-end=\"1398\">\n<p data-start=\"1371\" data-end=\"1398\">More common in fair skin.<\/p>\n<\/li>\n<li data-start=\"1399\" data-end=\"1487\">\n<p data-start=\"1401\" data-end=\"1487\">Often fades on its own over several months, or more quickly with the right products.<\/p>\n<\/li>\n<\/ul>\n<p data-start=\"1489\" data-end=\"1535\"><strong data-start=\"1489\" data-end=\"1533\">PIH \u2013 Postinflammatory Hyperpigmentation<\/strong><\/p>\n<ul data-start=\"1536\" data-end=\"1731\">\n<li data-start=\"1536\" data-end=\"1583\">\n<p data-start=\"1538\" data-end=\"1583\">Brown spots from excess melanin production.<\/p>\n<\/li>\n<li data-start=\"1584\" data-end=\"1621\">\n<p data-start=\"1586\" data-end=\"1621\">More common in darker skin tones.<\/p>\n<\/li>\n<li data-start=\"1622\" data-end=\"1731\">\n<p data-start=\"1624\" data-end=\"1731\">Not a scar but a temporary pigmentation issue. It can last months or even years, though it\u2019s treatable.<\/p>\n<\/li>\n<\/ul>\n<p><img decoding=\"async\" class=\"aligncenter wp-image-212401\" src=\"https:\/\/www.luminordic.com\/wp-content\/uploads\/2025\/09\/1-250x313.jpg\" alt=\"\" width=\"400\" height=\"500\" srcset=\"https:\/\/www.luminordic.com\/wp-content\/uploads\/2025\/09\/1-250x313.jpg 250w, https:\/\/www.luminordic.com\/wp-content\/uploads\/2025\/09\/1-64x80.jpg 64w, https:\/\/www.luminordic.com\/wp-content\/uploads\/2025\/09\/1-700x875.jpg 700w, https:\/\/www.luminordic.com\/wp-content\/uploads\/2025\/09\/1-768x960.jpg 768w, https:\/\/www.luminordic.com\/wp-content\/uploads\/2025\/09\/1-120x150.jpg 120w, https:\/\/www.luminordic.com\/wp-content\/uploads\/2025\/09\/1.jpg 1080w\" sizes=\"(max-width: 400px) 100vw, 400px\" \/><\/p>\n<h3>LUMI products that support skin regeneration:<\/h3>\n<p data-start=\"1791\" data-end=\"2026\"><a href=\"https:\/\/www.luminordic.com\/en\/product\/15-aha-peel-exfoliator-skin-rejuvenation\/\"><em><strong data-start=\"1791\" data-end=\"1812\">15% AHA Peel Exfoliator<\/strong><\/em><\/a><br data-start=\"1812\" data-end=\"1815\" \/><em data-start=\"1815\" data-end=\"2014\">&#8220;A very good exfoliator \u2013 my skin feels much softer and smoother after using it. It\u2019s helped fade red spots from acne and even out my skin tone overall. At first I used it weekly, now just 1\u20132 times a month.&#8221;<\/em> \u2013 <em data-start=\"2017\" data-end=\"2024\">Kadri<\/em><\/p>\n<p data-start=\"2028\" data-end=\"2358\"><a href=\"https:\/\/www.luminordic.com\/en\/product\/tundra-pimple-stopper\/\"><em><strong data-start=\"2028\" data-end=\"2053\">TUNDRA Pimple Stopper<\/strong><\/em><\/a><br data-start=\"2053\" data-end=\"2056\" \/><em data-start=\"2056\" data-end=\"2345\">&#8220;My skin tone looks more even, which is usually something I see only in the summertime . Old dark acne scars have noticeably lightened. A painful pimple that was just forming didn\u2019t even get the chance to &#8220;grow&#8221;, and the discomfort has almost disappeared. I also get fewer new pimples, and the ones that do appear heal faster.&#8221;<\/em> \u2013 <em data-start=\"2348\" data-end=\"2356\">Katrin<\/em><\/p>\n<p data-start=\"2360\" data-end=\"2566\"><em><a href=\"https:\/\/www.luminordic.com\/en\/product\/iconic-well-aging-treatment-2\/\"><strong data-start=\"2360\" data-end=\"2391\">Iconic Well-Aging Treatment<\/strong><\/a><\/em><br data-start=\"2391\" data-end=\"2394\" \/><em data-start=\"2394\" data-end=\"2553\">&#8220;The skincare routine given in the product description really works. I\u2019ve been using LUMI products for about a month, and I can\u2019t believe how beautiful my skin looks now.&#8221;<\/em> \u2013 <em data-start=\"2556\" data-end=\"2564\">Katrin<\/em><\/p>\n<p data-start=\"2568\" data-end=\"2657\"><strong>The photo on the right shows results after 4 weeks of ONLY using <a href=\"https:\/\/www.luminordic.com\/en\/product\/tundra-pimple-stopper\/\">Pimple Stopper<\/a>.<\/strong><\/p>\n<p><img decoding=\"async\" class=\"aligncenter wp-image-212432\" src=\"https:\/\/www.luminordic.com\/wp-content\/uploads\/2025\/09\/Metrilo-COLUMN-Instagram-Post-45-250x313.jpg\" alt=\"\" width=\"400\" height=\"500\" srcset=\"https:\/\/www.luminordic.com\/wp-content\/uploads\/2025\/09\/Metrilo-COLUMN-Instagram-Post-45-250x313.jpg 250w, https:\/\/www.luminordic.com\/wp-content\/uploads\/2025\/09\/Metrilo-COLUMN-Instagram-Post-45-64x80.jpg 64w, https:\/\/www.luminordic.com\/wp-content\/uploads\/2025\/09\/Metrilo-COLUMN-Instagram-Post-45-700x875.jpg 700w, https:\/\/www.luminordic.com\/wp-content\/uploads\/2025\/09\/Metrilo-COLUMN-Instagram-Post-45-768x960.jpg 768w, https:\/\/www.luminordic.com\/wp-content\/uploads\/2025\/09\/Metrilo-COLUMN-Instagram-Post-45-120x150.jpg 120w, https:\/\/www.luminordic.com\/wp-content\/uploads\/2025\/09\/Metrilo-COLUMN-Instagram-Post-45.jpg 1080w\" sizes=\"(max-width: 400px) 100vw, 400px\" \/><\/p>\n<h3 data-start=\"2664\" data-end=\"2719\">To reduce redness and pigmentation, we recommend:<\/h3>\n<p data-start=\"2721\" data-end=\"2866\"><a href=\"https:\/\/www.luminordic.com\/en\/product\/naked-hyaluronic-acid-multiserum\/\"><em><strong data-start=\"2721\" data-end=\"2758\">NAKED Hyaluronic Acid Multiserum<\/strong><\/em><\/a><br data-start=\"2758\" data-end=\"2761\" \/><em data-start=\"2761\" data-end=\"2854\">&#8220;This saved my skin after years of acne treatments left it damaged. I highly recommend it.&#8221;<\/em> \u2013 <em data-start=\"2857\" data-end=\"2864\">Mirel<\/em><\/p>\n<p data-start=\"2868\" data-end=\"3100\"><a href=\"https:\/\/www.luminordic.com\/en\/product\/iconic-overnight-peptide-treatment\/\"><em><strong data-start=\"2868\" data-end=\"2906\">ICONIC Overnight Peptide Treatment<\/strong><\/em><\/a><br data-start=\"2906\" data-end=\"2909\" \/><em data-start=\"2909\" data-end=\"3088\">&#8220;I\u2019ve been using the ICONIC duo for 3 months, and I don\u2019t even feel the need for makeup anymore. My skin is soft, moisturised, and even-toned. It feels plumper too.&#8221;<\/em> \u2013 <em data-start=\"3091\" data-end=\"3098\">Minna<\/em><\/p>\n<p data-start=\"3102\" data-end=\"3303\"><em><a href=\"https:\/\/www.luminordic.com\/en\/product\/superbloom-night-serum\/\"><strong data-start=\"3102\" data-end=\"3138\">Superbloom Vitamin C Night Serum<\/strong><\/a><\/em><br data-start=\"3138\" data-end=\"3141\" \/><em data-start=\"3141\" data-end=\"3292\">&#8220;One of the best serums I\u2019ve ever tried! My skin instantly glows with a fresh, healthy complexion. No other product has given me such quick results.&#8221;<\/em> \u2013 <em data-start=\"3295\" data-end=\"3301\">Anna<\/em><\/p>\n<h3><strong>Silent hero<\/strong><\/h3>\n<p>Did you know that <a href=\"https:\/\/www.luminordic.com\/en\/product\/skin-gym-fascia-brush\/\"><strong>fascia brushing<\/strong><\/a> can actually help reduce acne scars? By stimulating blood circulation and lymph flow, it promotes collagen production, speeds up skin renewal, and makes the skin&#8217;s surface smoother and more even over time. Plus, it boosts the absorption and effectiveness of your skincare products.<\/p>\n        <\/div>\r\n    <\/div>\r\n<\/section>","protected":false},"excerpt":{"rendered":"","protected":false},"author":6569,"featured_media":212408,"comment_status":"open","ping_status":"open","sticky":false,"template":"","format":"standard","meta":{"_acf_changed":false,"footnotes":""},"categories":[364,355],"tags":[],"class_list":["post-212430","post","type-post","status-publish","format-standard","has-post-thumbnail","hentry","category-akne","category-nahahooldusnou"],"acf":[],"yoast_head":"<!-- This site is optimized with the Yoast SEO Premium plugin v27.4 (Yoast SEO v27.4) - https:\/\/yoast.com\/product\/yoast-seo-premium-wordpress\/ -->\n<title>Acne and scars \u2013 what to do and how to prevent them? - Luminordic<\/title>\n<meta name=\"description\" content=\"Aknearmid ja p\u00f5letikuj\u00e4rgsed laigud ei pea j\u00e4\u00e4ma igaveseks. Loe, kuidas neid ennetada, leevendada ja toetada naha taastumist.\" \/>\n<meta name=\"robots\" content=\"index, follow, max-snippet:-1, max-image-preview:large, max-video-preview:-1\" \/>\n<link rel=\"canonical\" href=\"https:\/\/www.luminordic.com\/en\/wp-json\/wp\/v2\/posts\/212430\/\" \/>\n<meta property=\"og:locale\" content=\"en_US\" \/>\n<meta property=\"og:type\" content=\"article\" \/>\n<meta property=\"og:title\" content=\"Acne and scars \u2013 what to do and how to prevent them?\" \/>\n<meta property=\"og:description\" content=\"Aknearmid ja p\u00f5letikuj\u00e4rgsed laigud ei pea j\u00e4\u00e4ma igaveseks. Loe, kuidas neid ennetada, leevendada ja toetada naha taastumist.\" \/>\n<meta property=\"og:url\" content=\"https:\/\/www.luminordic.com\/en\/akne-ja-armid-mida-teha-ja-kuidas-ennetada\/\" \/>\n<meta property=\"og:site_name\" content=\"Luminordic\" \/>\n<meta property=\"article:publisher\" content=\"https:\/\/www.facebook.com\/luminordic\" \/>\n<meta property=\"article:published_time\" content=\"2025-09-15T10:03:50+00:00\" \/>\n<meta property=\"article:modified_time\" content=\"2025-09-15T11:01:26+00:00\" \/>\n<meta property=\"og:image\" content=\"https:\/\/www.luminordic.com\/wp-content\/uploads\/2025\/09\/LUMI-BLOG-e1757931816725.jpg\" \/>\n\t<meta property=\"og:image:width\" content=\"2000\" \/>\n\t<meta property=\"og:image:height\" content=\"1048\" \/>\n\t<meta property=\"og:image:type\" content=\"image\/jpeg\" \/>\n<meta name=\"author\" content=\"evamariamuur\" \/>\n<meta name=\"twitter:card\" content=\"summary_large_image\" \/>\n<meta name=\"twitter:label1\" content=\"Written by\" \/>\n\t<meta name=\"twitter:data1\" content=\"evamariamuur\" \/>\n\t<meta name=\"twitter:label2\" content=\"Est. reading time\" \/>\n\t<meta name=\"twitter:data2\" content=\"1 minute\" \/>\n<script type=\"application\/ld+json\" class=\"yoast-schema-graph\">{\"@context\":\"https:\\\/\\\/schema.org\",\"@graph\":[{\"@type\":\"Article\",\"@id\":\"https:\\\/\\\/www.luminordic.com\\\/en\\\/akne-ja-armid-mida-teha-ja-kuidas-ennetada\\\/#article\",\"isPartOf\":{\"@id\":\"https:\\\/\\\/www.luminordic.com\\\/en\\\/akne-ja-armid-mida-teha-ja-kuidas-ennetada\\\/\"},\"author\":{\"name\":\"evamariamuur\",\"@id\":\"https:\\\/\\\/www.luminordic.com\\\/en\\\/#\\\/schema\\\/person\\\/75781837116db6a99685c9f2998b1c14\"},\"headline\":\"Acne and scars \u2013 what to do and how to prevent them?\",\"datePublished\":\"2025-09-15T10:03:50+00:00\",\"dateModified\":\"2025-09-15T11:01:26+00:00\",\"mainEntityOfPage\":{\"@id\":\"https:\\\/\\\/www.luminordic.com\\\/en\\\/akne-ja-armid-mida-teha-ja-kuidas-ennetada\\\/\"},\"wordCount\":11,\"commentCount\":0,\"publisher\":{\"@id\":\"https:\\\/\\\/www.luminordic.com\\\/en\\\/#organization\"},\"image\":{\"@id\":\"https:\\\/\\\/www.luminordic.com\\\/en\\\/akne-ja-armid-mida-teha-ja-kuidas-ennetada\\\/#primaryimage\"},\"thumbnailUrl\":\"https:\\\/\\\/www.luminordic.com\\\/wp-content\\\/uploads\\\/2025\\\/09\\\/LUMI-BLOG-e1757931816725.jpg\",\"articleSection\":[\"ACNE\",\"SKIN CARE ADVICE\"],\"inLanguage\":\"en-US\",\"potentialAction\":[{\"@type\":\"CommentAction\",\"name\":\"Comment\",\"target\":[\"https:\\\/\\\/www.luminordic.com\\\/en\\\/akne-ja-armid-mida-teha-ja-kuidas-ennetada\\\/#respond\"]}]},{\"@type\":\"WebPage\",\"@id\":\"https:\\\/\\\/www.luminordic.com\\\/en\\\/akne-ja-armid-mida-teha-ja-kuidas-ennetada\\\/\",\"url\":\"https:\\\/\\\/www.luminordic.com\\\/en\\\/akne-ja-armid-mida-teha-ja-kuidas-ennetada\\\/\",\"name\":\"Acne and scars \u2013 what to do and how to prevent them? - Luminordic\",\"isPartOf\":{\"@id\":\"https:\\\/\\\/www.luminordic.com\\\/en\\\/#website\"},\"primaryImageOfPage\":{\"@id\":\"https:\\\/\\\/www.luminordic.com\\\/en\\\/akne-ja-armid-mida-teha-ja-kuidas-ennetada\\\/#primaryimage\"},\"image\":{\"@id\":\"https:\\\/\\\/www.luminordic.com\\\/en\\\/akne-ja-armid-mida-teha-ja-kuidas-ennetada\\\/#primaryimage\"},\"thumbnailUrl\":\"https:\\\/\\\/www.luminordic.com\\\/wp-content\\\/uploads\\\/2025\\\/09\\\/LUMI-BLOG-e1757931816725.jpg\",\"datePublished\":\"2025-09-15T10:03:50+00:00\",\"dateModified\":\"2025-09-15T11:01:26+00:00\",\"description\":\"Aknearmid ja p\u00f5letikuj\u00e4rgsed laigud ei pea j\u00e4\u00e4ma igaveseks. Loe, kuidas neid ennetada, leevendada ja toetada naha taastumist.\",\"breadcrumb\":{\"@id\":\"https:\\\/\\\/www.luminordic.com\\\/en\\\/akne-ja-armid-mida-teha-ja-kuidas-ennetada\\\/#breadcrumb\"},\"inLanguage\":\"en-US\",\"potentialAction\":[{\"@type\":\"ReadAction\",\"target\":[\"https:\\\/\\\/www.luminordic.com\\\/en\\\/akne-ja-armid-mida-teha-ja-kuidas-ennetada\\\/\"]}]},{\"@type\":\"ImageObject\",\"inLanguage\":\"en-US\",\"@id\":\"https:\\\/\\\/www.luminordic.com\\\/en\\\/akne-ja-armid-mida-teha-ja-kuidas-ennetada\\\/#primaryimage\",\"url\":\"https:\\\/\\\/www.luminordic.com\\\/wp-content\\\/uploads\\\/2025\\\/09\\\/LUMI-BLOG-e1757931816725.jpg\",\"contentUrl\":\"https:\\\/\\\/www.luminordic.com\\\/wp-content\\\/uploads\\\/2025\\\/09\\\/LUMI-BLOG-e1757931816725.jpg\",\"width\":2000,\"height\":980},{\"@type\":\"BreadcrumbList\",\"@id\":\"https:\\\/\\\/www.luminordic.com\\\/en\\\/akne-ja-armid-mida-teha-ja-kuidas-ennetada\\\/#breadcrumb\",\"itemListElement\":[{\"@type\":\"ListItem\",\"position\":1,\"name\":\"Avaleht\",\"item\":\"https:\\\/\\\/www.luminordic.com\\\/en\\\/\"},{\"@type\":\"ListItem\",\"position\":2,\"name\":\"Acne and scars \u2013 what to do and how to prevent them?\"}]},{\"@type\":\"WebSite\",\"@id\":\"https:\\\/\\\/www.luminordic.com\\\/en\\\/#website\",\"url\":\"https:\\\/\\\/www.luminordic.com\\\/en\\\/\",\"name\":\"Luminordic\",\"description\":\"\",\"publisher\":{\"@id\":\"https:\\\/\\\/www.luminordic.com\\\/en\\\/#organization\"},\"potentialAction\":[{\"@type\":\"SearchAction\",\"target\":{\"@type\":\"EntryPoint\",\"urlTemplate\":\"https:\\\/\\\/www.luminordic.com\\\/en\\\/?s={search_term_string}\"},\"query-input\":{\"@type\":\"PropertyValueSpecification\",\"valueRequired\":true,\"valueName\":\"search_term_string\"}}],\"inLanguage\":\"en-US\"},{\"@type\":\"Organization\",\"@id\":\"https:\\\/\\\/www.luminordic.com\\\/en\\\/#organization\",\"name\":\"Luminordic\",\"alternateName\":\"LUMI\",\"url\":\"https:\\\/\\\/www.luminordic.com\\\/en\\\/\",\"logo\":{\"@type\":\"ImageObject\",\"inLanguage\":\"en-US\",\"@id\":\"https:\\\/\\\/www.luminordic.com\\\/en\\\/#\\\/schema\\\/logo\\\/image\\\/\",\"url\":\"https:\\\/\\\/www.luminordic.com\\\/wp-content\\\/uploads\\\/2024\\\/06\\\/lumi-nordic-logo-light.svg\",\"contentUrl\":\"https:\\\/\\\/www.luminordic.com\\\/wp-content\\\/uploads\\\/2024\\\/06\\\/lumi-nordic-logo-light.svg\",\"width\":1,\"height\":1,\"caption\":\"Luminordic\"},\"image\":{\"@id\":\"https:\\\/\\\/www.luminordic.com\\\/en\\\/#\\\/schema\\\/logo\\\/image\\\/\"},\"sameAs\":[\"https:\\\/\\\/www.facebook.com\\\/luminordic\"],\"description\":\"LUMI is a natural skincare company offering science-backed solutions for problematic skin and everyday care.\",\"email\":\"hei@luminordic.com\",\"telephone\":\"+372 5663 2033.\",\"legalName\":\"PERFECT COSMETICS O\u00dc\",\"foundingDate\":\"2013-01-31\",\"vatID\":\"EE101608806\",\"numberOfEmployees\":{\"@type\":\"QuantitativeValue\",\"minValue\":\"11\",\"maxValue\":\"50\"}},{\"@type\":\"Person\",\"@id\":\"https:\\\/\\\/www.luminordic.com\\\/en\\\/#\\\/schema\\\/person\\\/75781837116db6a99685c9f2998b1c14\",\"name\":\"evamariamuur\",\"image\":{\"@type\":\"ImageObject\",\"inLanguage\":\"en-US\",\"@id\":\"https:\\\/\\\/secure.gravatar.com\\\/avatar\\\/e865eb87d8f13890558a4a4453f5339947a70e390412b7b858e131e051e10363?s=96&d=mm&r=g\",\"url\":\"https:\\\/\\\/secure.gravatar.com\\\/avatar\\\/e865eb87d8f13890558a4a4453f5339947a70e390412b7b858e131e051e10363?s=96&d=mm&r=g\",\"contentUrl\":\"https:\\\/\\\/secure.gravatar.com\\\/avatar\\\/e865eb87d8f13890558a4a4453f5339947a70e390412b7b858e131e051e10363?s=96&d=mm&r=g\",\"caption\":\"evamariamuur\"},\"url\":\"https:\\\/\\\/www.luminordic.com\\\/en\\\/author\\\/evamariamuur\\\/\"}]}<\/script>\n<!-- \/ Yoast SEO Premium plugin. -->","yoast_head_json":{"title":"Acne and scars \u2013 what to do and how to prevent them? - Luminordic","description":"Aknearmid ja p\u00f5letikuj\u00e4rgsed laigud ei pea j\u00e4\u00e4ma igaveseks. Loe, kuidas neid ennetada, leevendada ja toetada naha taastumist.","robots":{"index":"index","follow":"follow","max-snippet":"max-snippet:-1","max-image-preview":"max-image-preview:large","max-video-preview":"max-video-preview:-1"},"canonical":"https:\/\/www.luminordic.com\/en\/wp-json\/wp\/v2\/posts\/212430\/","og_locale":"en_US","og_type":"article","og_title":"Acne and scars \u2013 what to do and how to prevent them?","og_description":"Aknearmid ja p\u00f5letikuj\u00e4rgsed laigud ei pea j\u00e4\u00e4ma igaveseks. Loe, kuidas neid ennetada, leevendada ja toetada naha taastumist.","og_url":"https:\/\/www.luminordic.com\/en\/akne-ja-armid-mida-teha-ja-kuidas-ennetada\/","og_site_name":"Luminordic","article_publisher":"https:\/\/www.facebook.com\/luminordic","article_published_time":"2025-09-15T10:03:50+00:00","article_modified_time":"2025-09-15T11:01:26+00:00","og_image":[{"width":2000,"height":1048,"url":"https:\/\/www.luminordic.com\/wp-content\/uploads\/2025\/09\/LUMI-BLOG-e1757931816725.jpg","type":"image\/jpeg"}],"author":"evamariamuur","twitter_card":"summary_large_image","twitter_misc":{"Written by":"evamariamuur","Est. reading time":"1 minute"},"schema":{"@context":"https:\/\/schema.org","@graph":[{"@type":"Article","@id":"https:\/\/www.luminordic.com\/en\/akne-ja-armid-mida-teha-ja-kuidas-ennetada\/#article","isPartOf":{"@id":"https:\/\/www.luminordic.com\/en\/akne-ja-armid-mida-teha-ja-kuidas-ennetada\/"},"author":{"name":"evamariamuur","@id":"https:\/\/www.luminordic.com\/en\/#\/schema\/person\/75781837116db6a99685c9f2998b1c14"},"headline":"Acne and scars \u2013 what to do and how to prevent them?","datePublished":"2025-09-15T10:03:50+00:00","dateModified":"2025-09-15T11:01:26+00:00","mainEntityOfPage":{"@id":"https:\/\/www.luminordic.com\/en\/akne-ja-armid-mida-teha-ja-kuidas-ennetada\/"},"wordCount":11,"commentCount":0,"publisher":{"@id":"https:\/\/www.luminordic.com\/en\/#organization"},"image":{"@id":"https:\/\/www.luminordic.com\/en\/akne-ja-armid-mida-teha-ja-kuidas-ennetada\/#primaryimage"},"thumbnailUrl":"https:\/\/www.luminordic.com\/wp-content\/uploads\/2025\/09\/LUMI-BLOG-e1757931816725.jpg","articleSection":["ACNE","SKIN CARE ADVICE"],"inLanguage":"en-US","potentialAction":[{"@type":"CommentAction","name":"Comment","target":["https:\/\/www.luminordic.com\/en\/akne-ja-armid-mida-teha-ja-kuidas-ennetada\/#respond"]}]},{"@type":"WebPage","@id":"https:\/\/www.luminordic.com\/en\/akne-ja-armid-mida-teha-ja-kuidas-ennetada\/","url":"https:\/\/www.luminordic.com\/en\/akne-ja-armid-mida-teha-ja-kuidas-ennetada\/","name":"Acne and scars \u2013 what to do and how to prevent them? - Luminordic","isPartOf":{"@id":"https:\/\/www.luminordic.com\/en\/#website"},"primaryImageOfPage":{"@id":"https:\/\/www.luminordic.com\/en\/akne-ja-armid-mida-teha-ja-kuidas-ennetada\/#primaryimage"},"image":{"@id":"https:\/\/www.luminordic.com\/en\/akne-ja-armid-mida-teha-ja-kuidas-ennetada\/#primaryimage"},"thumbnailUrl":"https:\/\/www.luminordic.com\/wp-content\/uploads\/2025\/09\/LUMI-BLOG-e1757931816725.jpg","datePublished":"2025-09-15T10:03:50+00:00","dateModified":"2025-09-15T11:01:26+00:00","description":"Aknearmid ja p\u00f5letikuj\u00e4rgsed laigud ei pea j\u00e4\u00e4ma igaveseks. Loe, kuidas neid ennetada, leevendada ja toetada naha taastumist.","breadcrumb":{"@id":"https:\/\/www.luminordic.com\/en\/akne-ja-armid-mida-teha-ja-kuidas-ennetada\/#breadcrumb"},"inLanguage":"en-US","potentialAction":[{"@type":"ReadAction","target":["https:\/\/www.luminordic.com\/en\/akne-ja-armid-mida-teha-ja-kuidas-ennetada\/"]}]},{"@type":"ImageObject","inLanguage":"en-US","@id":"https:\/\/www.luminordic.com\/en\/akne-ja-armid-mida-teha-ja-kuidas-ennetada\/#primaryimage","url":"https:\/\/www.luminordic.com\/wp-content\/uploads\/2025\/09\/LUMI-BLOG-e1757931816725.jpg","contentUrl":"https:\/\/www.luminordic.com\/wp-content\/uploads\/2025\/09\/LUMI-BLOG-e1757931816725.jpg","width":2000,"height":980},{"@type":"BreadcrumbList","@id":"https:\/\/www.luminordic.com\/en\/akne-ja-armid-mida-teha-ja-kuidas-ennetada\/#breadcrumb","itemListElement":[{"@type":"ListItem","position":1,"name":"Avaleht","item":"https:\/\/www.luminordic.com\/en\/"},{"@type":"ListItem","position":2,"name":"Acne and scars \u2013 what to do and how to prevent them?"}]},{"@type":"WebSite","@id":"https:\/\/www.luminordic.com\/en\/#website","url":"https:\/\/www.luminordic.com\/en\/","name":"Luminordic","description":"","publisher":{"@id":"https:\/\/www.luminordic.com\/en\/#organization"},"potentialAction":[{"@type":"SearchAction","target":{"@type":"EntryPoint","urlTemplate":"https:\/\/www.luminordic.com\/en\/?s={search_term_string}"},"query-input":{"@type":"PropertyValueSpecification","valueRequired":true,"valueName":"search_term_string"}}],"inLanguage":"en-US"},{"@type":"Organization","@id":"https:\/\/www.luminordic.com\/en\/#organization","name":"Luminordic","alternateName":"LUMI","url":"https:\/\/www.luminordic.com\/en\/","logo":{"@type":"ImageObject","inLanguage":"en-US","@id":"https:\/\/www.luminordic.com\/en\/#\/schema\/logo\/image\/","url":"https:\/\/www.luminordic.com\/wp-content\/uploads\/2024\/06\/lumi-nordic-logo-light.svg","contentUrl":"https:\/\/www.luminordic.com\/wp-content\/uploads\/2024\/06\/lumi-nordic-logo-light.svg","width":1,"height":1,"caption":"Luminordic"},"image":{"@id":"https:\/\/www.luminordic.com\/en\/#\/schema\/logo\/image\/"},"sameAs":["https:\/\/www.facebook.com\/luminordic"],"description":"LUMI is a natural skincare company offering science-backed solutions for problematic skin and everyday care.","email":"hei@luminordic.com","telephone":"+372 5663 2033.","legalName":"PERFECT COSMETICS O\u00dc","foundingDate":"2013-01-31","vatID":"EE101608806","numberOfEmployees":{"@type":"QuantitativeValue","minValue":"11","maxValue":"50"}},{"@type":"Person","@id":"https:\/\/www.luminordic.com\/en\/#\/schema\/person\/75781837116db6a99685c9f2998b1c14","name":"evamariamuur","image":{"@type":"ImageObject","inLanguage":"en-US","@id":"https:\/\/secure.gravatar.com\/avatar\/e865eb87d8f13890558a4a4453f5339947a70e390412b7b858e131e051e10363?s=96&d=mm&r=g","url":"https:\/\/secure.gravatar.com\/avatar\/e865eb87d8f13890558a4a4453f5339947a70e390412b7b858e131e051e10363?s=96&d=mm&r=g","contentUrl":"https:\/\/secure.gravatar.com\/avatar\/e865eb87d8f13890558a4a4453f5339947a70e390412b7b858e131e051e10363?s=96&d=mm&r=g","caption":"evamariamuur"},"url":"https:\/\/www.luminordic.com\/en\/author\/evamariamuur\/"}]}},"_links":{"self":[{"href":"https:\/\/www.luminordic.com\/en\/wp-json\/wp\/v2\/posts\/212430","targetHints":{"allow":["GET"]}}],"collection":[{"href":"https:\/\/www.luminordic.com\/en\/wp-json\/wp\/v2\/posts"}],"about":[{"href":"https:\/\/www.luminordic.com\/en\/wp-json\/wp\/v2\/types\/post"}],"author":[{"embeddable":true,"href":"https:\/\/www.luminordic.com\/en\/wp-json\/wp\/v2\/users\/6569"}],"replies":[{"embeddable":true,"href":"https:\/\/www.luminordic.com\/en\/wp-json\/wp\/v2\/comments?post=212430"}],"version-history":[{"count":2,"href":"https:\/\/www.luminordic.com\/en\/wp-json\/wp\/v2\/posts\/212430\/revisions"}],"predecessor-version":[{"id":212435,"href":"https:\/\/www.luminordic.com\/en\/wp-json\/wp\/v2\/posts\/212430\/revisions\/212435"}],"wp:featuredmedia":[{"embeddable":true,"href":"https:\/\/www.luminordic.com\/en\/wp-json\/wp\/v2\/media\/212408"}],"wp:attachment":[{"href":"https:\/\/www.luminordic.com\/en\/wp-json\/wp\/v2\/media?parent=212430"}],"wp:term":[{"taxonomy":"category","embeddable":true,"href":"https:\/\/www.luminordic.com\/en\/wp-json\/wp\/v2\/categories?post=212430"},{"taxonomy":"post_tag","embeddable":true,"href":"https:\/\/www.luminordic.com\/en\/wp-json\/wp\/v2\/tags?post=212430"}],"curies":[{"name":"wp","href":"https:\/\/api.w.org\/{rel}","templated":true}]}}