{"id":5183,"date":"2024-07-13T11:29:08","date_gmt":"2024-07-13T09:29:08","guid":{"rendered":"https:\/\/new.luminordic.com\/sinu-naha-mikrobioom-vaarib-paremat-uv-kaitse-tulevik-lumi-ga-2\/"},"modified":"2025-02-12T12:25:59","modified_gmt":"2025-02-12T12:25:59","slug":"our-skin-microbiome-deserves-better-towards-a-new-future-of-uv-protection-with-lumi","status":"publish","type":"post","link":"https:\/\/www.luminordic.com\/en\/our-skin-microbiome-deserves-better-towards-a-new-future-of-uv-protection-with-lumi\/","title":{"rendered":"Our Skin Microbiome Deserves Better: Towards A New Future of UV Protection with LUMI!"},"content":{"rendered":"<section class=\"regular-text-block\">\r\n    <div class=\"regular-text-block__container\">\r\n        <div class=\"regular-text-block__content\">\r\n            <p><i>Part 2 of our <\/i><i>article series<\/i><i> on the importance of the microbiome!<\/i><\/p>\n<p><b>Photodamage<\/b> is the eternal scourge of those looking to slow down skin aging. We used to think that as long as we weren\u2019t burning, the sun wasn\u2019t having an effect on our skin (other than giving us that luscious tan we crave, of course!). Science has made it clear over the past few decades, however, that even mild sun exposure leads to premature aging of the skin.<\/p>\n<p>Put simply, the more time we spend in the sun, the more our skin ages. It\u2019s estimated that UV exposure is responsible for around <b>80%<\/b> of visible signs of facial aging. Consequently, it\u2019s vital that we use protection when out in the sun, such as that provided by SPF creams and similar products.<\/p>\n<p>But SPF creams often leave a lot to be desired, not least in their potential impact on the environment and the questions surrounding prolonged exposure to certain ingredients, particularly in nano-form. That\u2019s why we always say that it\u2019s vital to seek out sustainable, organic SPF suncreams!<\/p>\n<p>Yet even the best SPF cream will no doubt leave one key skincare factor totally ignored \u2013 the skin\u2019s <b>microbiome<\/b>. In recent years, research has shown us that this trillions-strong community of microscopic organisms that live on the skin\u2019s surface have a hugely beneficial impact on our health, whether by protecting us from pathogens, assisting with skin repair, or by helping us resist premature skin aging.<\/p>\n<p>Despite the microbiome\u2019s importance, the impact of UV exposure on its health is not\u00a0 often discussed in the skincare industry, and there are virtually no solutions specifically designed to protect our skin\u2019s microbial community.<\/p>\n<p>Here at LUMI, we think that it\u2019s high time that changed! We\u2019ve searched far and wide for innovative natural solutions for the microbiome, and have unearthed some truly brilliant cutting-edge ingredients to put into our new <b>Sunbrero SPF-boosting Essence<\/b>. But more on that later!<\/p>\n<p>First, let\u2019s take a look at the microbiome, the effects that UV radiation has on the microflora that live there, and what we might be able to do to aid these essential microbes, so they can return the favour!<\/p>\n<p>&nbsp;<\/p>\n<h4><b>The Sun\u2019s Effect on the Skin Microbiome<\/b><\/h4>\n<p>As a fan of LUMI, we\u2019re sure you already know all about the skin microbiome. But just in case you\u2019re new around here, let\u2019s have a quick refresher; the skin microbiome is the name given to the trillions of microscopic organisms that live on the surface of our skin, including bacteria, fungi, and even viruses!<\/p>\n<p>These microorganisms have evolved over millions of years to live in harmony with humans. The relationship is synergistic in nature \u2013 we provide a home and source of nutrients for microbiota, and in turn, these microbiota convey all sorts of benefits to our skin. These pluses include helping protect, moisturise, and repair our skin, as well as playing a role in preventing premature aging and stopping pollutants from reaching our bodies.<\/p>\n<p>Truly, the microbiome is one of our skin\u2019s greatest assets! But unfortunately, despite its strengths, the microbiome has a serious vulnerability that it shares with its host \u2013 UV radiation.<\/p>\n<p>We actually know that our microbiome has a few clever tricks up its sleeve to try and cope with sun exposure, such as producing its own melanin and antioxidant compounds, and has been shown to assist the skin in protecting skin cells from damage. This may mitigate some of the impact of UV radiation, but it is not enough when presented with continued exposure.<\/p>\n<p>A 2024 academic review of several studies came to some revealing conclusions about the impact of sun (and sun protection) on our skin microbiome. The review found that UV radiation has clear bactericidal (bacteria-killing) effects, and that because different bacteria have varying resistances and will thus die at different rates, UV radiation can destroy the fine balance of the microbiome.<\/p>\n<p>The review also found that sunscreen itself, with its antimicrobial ingredients, can also disrupt the balance of the microbiome, allowing some bacteria to become too prominent, and other helpful bacteria to be minimised. This is not ideal, because as we know, the impact of <i>not<\/i> wearing sunscreen can be even worse.<\/p>\n<p>If we look at everything we\u2019ve learnt so far then, the way forward becomes clear. We know that people who spend time in the sun need to use sunscreen or similar products to avoid photoaging, but we also understand that sunscreen does little to protect the skin microbiome and can also disrupt its balance.<\/p>\n<p>This means that, as a complement to SPF creams, we need a solution that can help protect and rebalance the microbiome. Well, dear reader, we have just the thing. Introducing\u2026 <b>Sunbrero!<\/b><\/p>\n<p>&nbsp;<\/p>\n<h4><b>Protect the Microbiome, So It Can Protect You!<\/b><\/h4>\n<p><b>Sunbrero SPF-Boosting Essence<\/b> combines some of the most state-of-the-art ingredients in organic biochemistry with tried-and-tested remedies that have been utilised for millennia. The result? A truly innovative day serum that helps protect your skin and its microbiome from the effects of UV radiation!<\/p>\n<p>We searched high and low for active ingredients that could help the microbiome resist UV damage and help rebalance the bacterial make-up of skin. Our search proved more fruitful than we could ever imagine, leading us to the brilliantly innovative <b>Vytrus Biotech<\/b> in Barcelona. Their pioneering plant stem cell research has led to the creation of several revolutionary active ingredients that focus on the microbiome.<\/p>\n<p><b>Photobiome<\/b>\u2122 prebiotics are a godsend for the microorganisms on your skin\u2019s surface, inducing microbes to engage their own inherent photo-defence mechanisms, resulting in far more surviving UV radiation than under usual circumstances. This means that the microbiome can focus on helping your skin heal from photodamage, rather than trying to heal or rebalance itself!<\/p>\n<p>To address any imbalance that <i>does<\/i> occur, we have another plant stem cell-derived active. This probiotic hacks into the chemical-based communication channels of bacteria, ensuring the propagation of beneficial bacteria and minimising the spread of harmful microbes. It\u2019s a high-tech, completely natural skin saviour!<\/p>\n<p>To round things off, we\u2019ve also included a few compounds that are proven to assist skin in its fight against photodamage.<\/p>\n<p><b>Aloe vera<\/b> has been utilised in skincare for thousands of years, thanks to its soothing anti-inflammatory and antioxidant properties. <b>Melatonin <\/b>is a similarly potent antioxidant, and recent research has shown that the compound also inhibits cell deterioration and melanin production by reducing the effects of UV irradiation on DNA!<\/p>\n<p>Mix these four incredible ingredients together and you get a truly amazing day serum that addresses key needs of your skin and its microflora. So, this summer, make sure you give your skin and its microbiome the best protection possible by packing <b>Sunbrero <\/b>alongside your SPF cream!<\/p>\n<p><i>Want to keep your microbiome in tip-top shape so it can continue to help protect and nourish your skin? <\/i><i>Click here <\/i><i>to be taken straight to our Sunbrero product page. After something else? Check out our entire rage of microbiome-friendly, science-backed skincare solutions <\/i><a href=\"https:\/\/luminordic.com\/en\/tooted\/all-products\/\"><i>right here<\/i><\/a><i>!<\/i><\/p>\n        <\/div>\r\n    <\/div>\r\n<\/section>\n\n<section class=\"regular-text-block\">\r\n    <div class=\"regular-text-block__container\">\r\n        <div class=\"regular-text-block__content\">\r\n            <h6><b>References:<\/b><\/h6>\n<ol>\n<li aria-level=\"1\">\n<h6>Amaro-Ortiz, A., Yan, B., &amp; D&#8217;Orazio, J. A. (2014). Ultraviolet radiation, aging and the skin: prevention of damage by topical cAMP manipulation. <i>Molecules (Basel, Switzerland)<\/i>, 19(5), 6202\u20136219. <a href=\"https:\/\/doi.org\/10.3390\/molecules19056202\">https:\/\/doi.org\/10.3390\/molecules19056202<\/a><\/h6>\n<\/li>\n<li aria-level=\"1\">\n<h6>Bocheva, G., Slominski, R. M., Janjetovic, Z., Kim, T. K., B\u00f6hm, M., Steinbrink, K., Reiter, R. J., Kleszczy\u0144ski, K., &amp; Slominski, A. T. (2022). Protective Role of Melatonin and Its Metabolites in Skin Aging.\u00a0<i>International journal of molecular sciences<\/i>,\u00a0<i>23<\/i>(3), 1238. <a href=\"https:\/\/doi.org\/10.3390\/ijms23031238\">https:\/\/doi.org\/10.3390\/ijms23031238<\/a><\/h6>\n<\/li>\n<li aria-level=\"1\">\n<h6>Boxberger, M., Cenizo, V., Cassir, N., et al., (2021). Challenges in exploring and manipulating the human skin microbiome. <i>Microbiome<\/i>, 9, 125. <a href=\"https:\/\/doi.org\/10.1186\/s40168-021-01062-5\">https:\/\/doi.org\/10.1186\/s40168-021-01062-5<\/a><\/h6>\n<\/li>\n<li aria-level=\"1\">\n<h6>Byrd, A. L., Belkaid, Y., &amp; Segre, J. A. (2018). The human skin microbiome. <i>Nature Reviews Microbiology<\/i>, 16(3), 143\u2013155. <a href=\"https:\/\/doi.org\/10.1038\/nrmicro.2017.157\">https:\/\/doi.org\/10.1038\/nrmicro.2017.157<\/a><\/h6>\n<\/li>\n<li aria-level=\"1\">\n<h6>Flament, F., Bazin, R., Laquieze, S., Rubert, V., Simonpietri, E., &amp; Piot, B. (2013). Effect of the sun on visible clinical signs of aging in Caucasian skin. <i>Clinical, cosmetic and investigational dermatology<\/i>, 6, 221\u2013232. <a href=\"https:\/\/doi.org\/10.2147\/CCID.S44686\">https:\/\/doi.org\/10.2147\/CCID.S44686<\/a><\/h6>\n<\/li>\n<li aria-level=\"1\">\n<h6>Grant, G. J., Kohli, I., &amp; Mohammad, T. F. (2024). A narrative review of the impact of ultraviolet radiation and sunscreen on the skin microbiome. <i>Photodermatology, photoimmunology &amp; photomedicine,<\/i> 40(1), e12943. <a href=\"https:\/\/doi.org\/10.1111\/phpp.12943\">https:\/\/doi.org\/10.1111\/phpp.12943<\/a><\/h6>\n<\/li>\n<li aria-level=\"1\">\n<h6>Kolbe, L., Pissavini, M., Tricaud, C., Trull\u00e1s Cabanas, C., Dietrich, E., &amp; Matts, P. J. (2019). Anti-inflammatory \/ anti-oxidant activity of ingredients of sunscreen products? Implications for SPF. <i>International journal of cosmetic science<\/i>, 41(3), 320\u2013324. <a href=\"https:\/\/doi.org\/10.1111\/ics.12540\">https:\/\/doi.org\/10.1111\/ics.12540<\/a><\/h6>\n<\/li>\n<li aria-level=\"1\">\n<h6>Ma, L. P., Liu, M. M., Liu, F., Sun, B., Wang, S. N., Chen, J., Yu, H. J., Yan, J., Tian, M., Gao, L., &amp; Liu, Q. J. (2023). Melatonin inhibits senescence-associated melanin pigmentation through the p53-TYR pathway in human primary melanocytes and the skin of C57BL\/6 J mice after UVB irradiation. <i>Journal of molecular medicine (Berlin, Germany),<\/i> 101(5), 581\u2013593. <a href=\"https:\/\/doi.org\/10.1007\/s00109-023-02301-y\">https:\/\/doi.org\/10.1007\/s00109-023-02301-y<\/a><\/h6>\n<\/li>\n<li aria-level=\"1\">\n<h6>Patra, V., Byrne, S. N., &amp; Wolf, P. (2016). The Skin Microbiome: Is It Affected by UV-induced Immune Suppression? <i>Frontiers in microbiology<\/i>, 7, 1235. <a href=\"https:\/\/doi.org\/10.3389\/fmicb.2016.01235\">https:\/\/doi.org\/10.3389\/fmicb.2016.01235<\/a><\/h6>\n<\/li>\n<li aria-level=\"1\">\n<h6>Patra, V., Wagner, K., Arulampalam, V., &amp; Wolf, P. (2019). Skin Microbiome Modulates the Effect of Ultraviolet Radiation on Cellular Response and Immune Function. <i>iScience<\/i>, 15, 211\u2013222. <a href=\"https:\/\/doi.org\/10.1016\/j.isci.2019.04.026\">https:\/\/doi.org\/10.1016\/j.isci.2019.04.026<\/a><\/h6>\n<\/li>\n<li aria-level=\"1\">\n<h6>Rusanova, I., Mart\u00ednez-Ruiz, L., Florido, J., Rodr\u00edguez-Santana, C., Guerra-Librero, A., Acu\u00f1a-Castroviejo, D., &amp; Escames, G. (2019). Protective Effects of Melatonin on the Skin: Future Perspectives.\u00a0<i>International journal of molecular sciences<\/i>,\u00a0<i>20<\/i>(19), 4948. <a href=\"https:\/\/doi.org\/10.3390\/ijms20194948\">https:\/\/doi.org\/10.3390\/ijms20194948<\/a><\/h6>\n<\/li>\n<li aria-level=\"1\">\n<h6>S\u00e1nchez, M., Gonz\u00e1lez-Burgos, E., Iglesias, I., &amp; G\u00f3mez-Serranillos, M. P. (2020). Pharmacological Update Properties of Aloe Vera and its Major Active Constituents. <i>Molecules (Basel, Switzerland)<\/i>, 25(6), 1324. <a href=\"https:\/\/doi.org\/10.3390\/molecules25061324\">https:\/\/doi.org\/10.3390\/molecules25061324<\/a><\/h6>\n<\/li>\n<li aria-level=\"1\">\n<h6>Vytrus Biotech. (2024<i>). Photobiome\u2122 &#8211; The microbiota photoprotector.<\/i> <a href=\"https:\/\/www.vytrus.com\/natural-active\/photobiome\/\">https:\/\/www.vytrus.com\/natural-active\/photobiome\/<\/a><\/h6>\n<\/li>\n<\/ol>\n        <\/div>\r\n    <\/div>\r\n<\/section>","protected":false},"excerpt":{"rendered":"","protected":false},"author":1,"featured_media":5184,"comment_status":"open","ping_status":"open","sticky":false,"template":"","format":"standard","meta":{"_acf_changed":false,"footnotes":""},"categories":[353,354],"tags":[],"class_list":["post-5183","post","type-post","status-publish","format-standard","has-post-thumbnail","hentry","category-mikrobioom","category-suvi"],"acf":[],"yoast_head":"<!-- This site is optimized with the Yoast SEO Premium plugin v27.4 (Yoast SEO v27.4) - https:\/\/yoast.com\/product\/yoast-seo-premium-wordpress\/ -->\n<title>Our Skin Microbiome Deserves Better: Towards A New Future of UV Protection with LUMI! - Luminordic<\/title>\n<meta name=\"robots\" content=\"index, follow, max-snippet:-1, max-image-preview:large, max-video-preview:-1\" \/>\n<link rel=\"canonical\" href=\"https:\/\/www.luminordic.com\/en\/wp-json\/wp\/v2\/posts\/5183\/\" \/>\n<meta property=\"og:locale\" content=\"en_US\" \/>\n<meta property=\"og:type\" content=\"article\" \/>\n<meta property=\"og:title\" content=\"Our Skin Microbiome Deserves Better: Towards A New Future of UV Protection with LUMI!\" \/>\n<meta property=\"og:url\" content=\"https:\/\/www.luminordic.com\/en\/our-skin-microbiome-deserves-better-towards-a-new-future-of-uv-protection-with-lumi\/\" \/>\n<meta property=\"og:site_name\" content=\"Luminordic\" \/>\n<meta property=\"article:publisher\" content=\"https:\/\/www.facebook.com\/luminordic\" \/>\n<meta property=\"article:published_time\" content=\"2024-07-13T09:29:08+00:00\" \/>\n<meta property=\"article:modified_time\" content=\"2025-02-12T12:25:59+00:00\" \/>\n<meta property=\"og:image\" content=\"https:\/\/www.luminordic.com\/wp-content\/uploads\/2024\/07\/Lumi-x-naised-241-scaled-6.jpg\" \/>\n\t<meta property=\"og:image:width\" content=\"2560\" \/>\n\t<meta property=\"og:image:height\" content=\"1707\" \/>\n\t<meta property=\"og:image:type\" content=\"image\/jpeg\" \/>\n<meta name=\"author\" content=\"Bonamore\" \/>\n<meta name=\"twitter:card\" content=\"summary_large_image\" \/>\n<meta name=\"twitter:label1\" content=\"Written by\" \/>\n\t<meta name=\"twitter:data1\" content=\"Bonamore\" \/>\n\t<meta name=\"twitter:label2\" content=\"Est. reading time\" \/>\n\t<meta name=\"twitter:data2\" content=\"1 minute\" \/>\n<script type=\"application\/ld+json\" class=\"yoast-schema-graph\">{\"@context\":\"https:\\\/\\\/schema.org\",\"@graph\":[{\"@type\":\"Article\",\"@id\":\"https:\\\/\\\/www.luminordic.com\\\/en\\\/our-skin-microbiome-deserves-better-towards-a-new-future-of-uv-protection-with-lumi\\\/#article\",\"isPartOf\":{\"@id\":\"https:\\\/\\\/www.luminordic.com\\\/en\\\/our-skin-microbiome-deserves-better-towards-a-new-future-of-uv-protection-with-lumi\\\/\"},\"author\":{\"name\":\"Bonamore\",\"@id\":\"https:\\\/\\\/www.luminordic.com\\\/en\\\/#\\\/schema\\\/person\\\/1edb267d74b2f1001a78621be2dcb9fb\"},\"headline\":\"Our Skin Microbiome Deserves Better: Towards A New Future of UV Protection with LUMI!\",\"datePublished\":\"2024-07-13T09:29:08+00:00\",\"dateModified\":\"2025-02-12T12:25:59+00:00\",\"mainEntityOfPage\":{\"@id\":\"https:\\\/\\\/www.luminordic.com\\\/en\\\/our-skin-microbiome-deserves-better-towards-a-new-future-of-uv-protection-with-lumi\\\/\"},\"wordCount\":14,\"commentCount\":0,\"publisher\":{\"@id\":\"https:\\\/\\\/www.luminordic.com\\\/en\\\/#organization\"},\"image\":{\"@id\":\"https:\\\/\\\/www.luminordic.com\\\/en\\\/our-skin-microbiome-deserves-better-towards-a-new-future-of-uv-protection-with-lumi\\\/#primaryimage\"},\"thumbnailUrl\":\"https:\\\/\\\/www.luminordic.com\\\/wp-content\\\/uploads\\\/2024\\\/07\\\/Lumi-x-naised-241-scaled-6.jpg\",\"articleSection\":[\"MICROBIOME\",\"SUMMER\"],\"inLanguage\":\"en-US\",\"potentialAction\":[{\"@type\":\"CommentAction\",\"name\":\"Comment\",\"target\":[\"https:\\\/\\\/www.luminordic.com\\\/en\\\/our-skin-microbiome-deserves-better-towards-a-new-future-of-uv-protection-with-lumi\\\/#respond\"]}]},{\"@type\":\"WebPage\",\"@id\":\"https:\\\/\\\/www.luminordic.com\\\/en\\\/our-skin-microbiome-deserves-better-towards-a-new-future-of-uv-protection-with-lumi\\\/\",\"url\":\"https:\\\/\\\/www.luminordic.com\\\/en\\\/our-skin-microbiome-deserves-better-towards-a-new-future-of-uv-protection-with-lumi\\\/\",\"name\":\"Our Skin Microbiome Deserves Better: Towards A New Future of UV Protection with LUMI! - Luminordic\",\"isPartOf\":{\"@id\":\"https:\\\/\\\/www.luminordic.com\\\/en\\\/#website\"},\"primaryImageOfPage\":{\"@id\":\"https:\\\/\\\/www.luminordic.com\\\/en\\\/our-skin-microbiome-deserves-better-towards-a-new-future-of-uv-protection-with-lumi\\\/#primaryimage\"},\"image\":{\"@id\":\"https:\\\/\\\/www.luminordic.com\\\/en\\\/our-skin-microbiome-deserves-better-towards-a-new-future-of-uv-protection-with-lumi\\\/#primaryimage\"},\"thumbnailUrl\":\"https:\\\/\\\/www.luminordic.com\\\/wp-content\\\/uploads\\\/2024\\\/07\\\/Lumi-x-naised-241-scaled-6.jpg\",\"datePublished\":\"2024-07-13T09:29:08+00:00\",\"dateModified\":\"2025-02-12T12:25:59+00:00\",\"breadcrumb\":{\"@id\":\"https:\\\/\\\/www.luminordic.com\\\/en\\\/our-skin-microbiome-deserves-better-towards-a-new-future-of-uv-protection-with-lumi\\\/#breadcrumb\"},\"inLanguage\":\"en-US\",\"potentialAction\":[{\"@type\":\"ReadAction\",\"target\":[\"https:\\\/\\\/www.luminordic.com\\\/en\\\/our-skin-microbiome-deserves-better-towards-a-new-future-of-uv-protection-with-lumi\\\/\"]}]},{\"@type\":\"ImageObject\",\"inLanguage\":\"en-US\",\"@id\":\"https:\\\/\\\/www.luminordic.com\\\/en\\\/our-skin-microbiome-deserves-better-towards-a-new-future-of-uv-protection-with-lumi\\\/#primaryimage\",\"url\":\"https:\\\/\\\/www.luminordic.com\\\/wp-content\\\/uploads\\\/2024\\\/07\\\/Lumi-x-naised-241-scaled-6.jpg\",\"contentUrl\":\"https:\\\/\\\/www.luminordic.com\\\/wp-content\\\/uploads\\\/2024\\\/07\\\/Lumi-x-naised-241-scaled-6.jpg\",\"width\":2560,\"height\":1707},{\"@type\":\"BreadcrumbList\",\"@id\":\"https:\\\/\\\/www.luminordic.com\\\/en\\\/our-skin-microbiome-deserves-better-towards-a-new-future-of-uv-protection-with-lumi\\\/#breadcrumb\",\"itemListElement\":[{\"@type\":\"ListItem\",\"position\":1,\"name\":\"Avaleht\",\"item\":\"https:\\\/\\\/www.luminordic.com\\\/en\\\/\"},{\"@type\":\"ListItem\",\"position\":2,\"name\":\"Our Skin Microbiome Deserves Better: Towards A New Future of UV Protection with LUMI!\"}]},{\"@type\":\"WebSite\",\"@id\":\"https:\\\/\\\/www.luminordic.com\\\/en\\\/#website\",\"url\":\"https:\\\/\\\/www.luminordic.com\\\/en\\\/\",\"name\":\"Luminordic\",\"description\":\"\",\"publisher\":{\"@id\":\"https:\\\/\\\/www.luminordic.com\\\/en\\\/#organization\"},\"potentialAction\":[{\"@type\":\"SearchAction\",\"target\":{\"@type\":\"EntryPoint\",\"urlTemplate\":\"https:\\\/\\\/www.luminordic.com\\\/en\\\/?s={search_term_string}\"},\"query-input\":{\"@type\":\"PropertyValueSpecification\",\"valueRequired\":true,\"valueName\":\"search_term_string\"}}],\"inLanguage\":\"en-US\"},{\"@type\":\"Organization\",\"@id\":\"https:\\\/\\\/www.luminordic.com\\\/en\\\/#organization\",\"name\":\"Luminordic\",\"alternateName\":\"LUMI\",\"url\":\"https:\\\/\\\/www.luminordic.com\\\/en\\\/\",\"logo\":{\"@type\":\"ImageObject\",\"inLanguage\":\"en-US\",\"@id\":\"https:\\\/\\\/www.luminordic.com\\\/en\\\/#\\\/schema\\\/logo\\\/image\\\/\",\"url\":\"https:\\\/\\\/www.luminordic.com\\\/wp-content\\\/uploads\\\/2024\\\/06\\\/lumi-nordic-logo-light.svg\",\"contentUrl\":\"https:\\\/\\\/www.luminordic.com\\\/wp-content\\\/uploads\\\/2024\\\/06\\\/lumi-nordic-logo-light.svg\",\"width\":1,\"height\":1,\"caption\":\"Luminordic\"},\"image\":{\"@id\":\"https:\\\/\\\/www.luminordic.com\\\/en\\\/#\\\/schema\\\/logo\\\/image\\\/\"},\"sameAs\":[\"https:\\\/\\\/www.facebook.com\\\/luminordic\"],\"description\":\"LUMI is a natural skincare company offering science-backed solutions for problematic skin and everyday care.\",\"email\":\"hei@luminordic.com\",\"telephone\":\"+372 5663 2033.\",\"legalName\":\"PERFECT COSMETICS O\u00dc\",\"foundingDate\":\"2013-01-31\",\"vatID\":\"EE101608806\",\"numberOfEmployees\":{\"@type\":\"QuantitativeValue\",\"minValue\":\"11\",\"maxValue\":\"50\"}},{\"@type\":\"Person\",\"@id\":\"https:\\\/\\\/www.luminordic.com\\\/en\\\/#\\\/schema\\\/person\\\/1edb267d74b2f1001a78621be2dcb9fb\",\"name\":\"Bonamore\",\"image\":{\"@type\":\"ImageObject\",\"inLanguage\":\"en-US\",\"@id\":\"https:\\\/\\\/secure.gravatar.com\\\/avatar\\\/d6abd0292e9809b7f118dcd15d69a1f83ccbe7c4ef69bfb0da73d21e186ecb99?s=96&d=mm&r=g\",\"url\":\"https:\\\/\\\/secure.gravatar.com\\\/avatar\\\/d6abd0292e9809b7f118dcd15d69a1f83ccbe7c4ef69bfb0da73d21e186ecb99?s=96&d=mm&r=g\",\"contentUrl\":\"https:\\\/\\\/secure.gravatar.com\\\/avatar\\\/d6abd0292e9809b7f118dcd15d69a1f83ccbe7c4ef69bfb0da73d21e186ecb99?s=96&d=mm&r=g\",\"caption\":\"Bonamore\"},\"sameAs\":[\"https:\\\/\\\/luminordic.com\"],\"url\":\"https:\\\/\\\/www.luminordic.com\\\/en\\\/author\\\/bonamore\\\/\"}]}<\/script>\n<!-- \/ Yoast SEO Premium plugin. -->","yoast_head_json":{"title":"Our Skin Microbiome Deserves Better: Towards A New Future of UV Protection with LUMI! - Luminordic","robots":{"index":"index","follow":"follow","max-snippet":"max-snippet:-1","max-image-preview":"max-image-preview:large","max-video-preview":"max-video-preview:-1"},"canonical":"https:\/\/www.luminordic.com\/en\/wp-json\/wp\/v2\/posts\/5183\/","og_locale":"en_US","og_type":"article","og_title":"Our Skin Microbiome Deserves Better: Towards A New Future of UV Protection with LUMI!","og_url":"https:\/\/www.luminordic.com\/en\/our-skin-microbiome-deserves-better-towards-a-new-future-of-uv-protection-with-lumi\/","og_site_name":"Luminordic","article_publisher":"https:\/\/www.facebook.com\/luminordic","article_published_time":"2024-07-13T09:29:08+00:00","article_modified_time":"2025-02-12T12:25:59+00:00","og_image":[{"width":2560,"height":1707,"url":"https:\/\/www.luminordic.com\/wp-content\/uploads\/2024\/07\/Lumi-x-naised-241-scaled-6.jpg","type":"image\/jpeg"}],"author":"Bonamore","twitter_card":"summary_large_image","twitter_misc":{"Written by":"Bonamore","Est. reading time":"1 minute"},"schema":{"@context":"https:\/\/schema.org","@graph":[{"@type":"Article","@id":"https:\/\/www.luminordic.com\/en\/our-skin-microbiome-deserves-better-towards-a-new-future-of-uv-protection-with-lumi\/#article","isPartOf":{"@id":"https:\/\/www.luminordic.com\/en\/our-skin-microbiome-deserves-better-towards-a-new-future-of-uv-protection-with-lumi\/"},"author":{"name":"Bonamore","@id":"https:\/\/www.luminordic.com\/en\/#\/schema\/person\/1edb267d74b2f1001a78621be2dcb9fb"},"headline":"Our Skin Microbiome Deserves Better: Towards A New Future of UV Protection with LUMI!","datePublished":"2024-07-13T09:29:08+00:00","dateModified":"2025-02-12T12:25:59+00:00","mainEntityOfPage":{"@id":"https:\/\/www.luminordic.com\/en\/our-skin-microbiome-deserves-better-towards-a-new-future-of-uv-protection-with-lumi\/"},"wordCount":14,"commentCount":0,"publisher":{"@id":"https:\/\/www.luminordic.com\/en\/#organization"},"image":{"@id":"https:\/\/www.luminordic.com\/en\/our-skin-microbiome-deserves-better-towards-a-new-future-of-uv-protection-with-lumi\/#primaryimage"},"thumbnailUrl":"https:\/\/www.luminordic.com\/wp-content\/uploads\/2024\/07\/Lumi-x-naised-241-scaled-6.jpg","articleSection":["MICROBIOME","SUMMER"],"inLanguage":"en-US","potentialAction":[{"@type":"CommentAction","name":"Comment","target":["https:\/\/www.luminordic.com\/en\/our-skin-microbiome-deserves-better-towards-a-new-future-of-uv-protection-with-lumi\/#respond"]}]},{"@type":"WebPage","@id":"https:\/\/www.luminordic.com\/en\/our-skin-microbiome-deserves-better-towards-a-new-future-of-uv-protection-with-lumi\/","url":"https:\/\/www.luminordic.com\/en\/our-skin-microbiome-deserves-better-towards-a-new-future-of-uv-protection-with-lumi\/","name":"Our Skin Microbiome Deserves Better: Towards A New Future of UV Protection with LUMI! - Luminordic","isPartOf":{"@id":"https:\/\/www.luminordic.com\/en\/#website"},"primaryImageOfPage":{"@id":"https:\/\/www.luminordic.com\/en\/our-skin-microbiome-deserves-better-towards-a-new-future-of-uv-protection-with-lumi\/#primaryimage"},"image":{"@id":"https:\/\/www.luminordic.com\/en\/our-skin-microbiome-deserves-better-towards-a-new-future-of-uv-protection-with-lumi\/#primaryimage"},"thumbnailUrl":"https:\/\/www.luminordic.com\/wp-content\/uploads\/2024\/07\/Lumi-x-naised-241-scaled-6.jpg","datePublished":"2024-07-13T09:29:08+00:00","dateModified":"2025-02-12T12:25:59+00:00","breadcrumb":{"@id":"https:\/\/www.luminordic.com\/en\/our-skin-microbiome-deserves-better-towards-a-new-future-of-uv-protection-with-lumi\/#breadcrumb"},"inLanguage":"en-US","potentialAction":[{"@type":"ReadAction","target":["https:\/\/www.luminordic.com\/en\/our-skin-microbiome-deserves-better-towards-a-new-future-of-uv-protection-with-lumi\/"]}]},{"@type":"ImageObject","inLanguage":"en-US","@id":"https:\/\/www.luminordic.com\/en\/our-skin-microbiome-deserves-better-towards-a-new-future-of-uv-protection-with-lumi\/#primaryimage","url":"https:\/\/www.luminordic.com\/wp-content\/uploads\/2024\/07\/Lumi-x-naised-241-scaled-6.jpg","contentUrl":"https:\/\/www.luminordic.com\/wp-content\/uploads\/2024\/07\/Lumi-x-naised-241-scaled-6.jpg","width":2560,"height":1707},{"@type":"BreadcrumbList","@id":"https:\/\/www.luminordic.com\/en\/our-skin-microbiome-deserves-better-towards-a-new-future-of-uv-protection-with-lumi\/#breadcrumb","itemListElement":[{"@type":"ListItem","position":1,"name":"Avaleht","item":"https:\/\/www.luminordic.com\/en\/"},{"@type":"ListItem","position":2,"name":"Our Skin Microbiome Deserves Better: Towards A New Future of UV Protection with LUMI!"}]},{"@type":"WebSite","@id":"https:\/\/www.luminordic.com\/en\/#website","url":"https:\/\/www.luminordic.com\/en\/","name":"Luminordic","description":"","publisher":{"@id":"https:\/\/www.luminordic.com\/en\/#organization"},"potentialAction":[{"@type":"SearchAction","target":{"@type":"EntryPoint","urlTemplate":"https:\/\/www.luminordic.com\/en\/?s={search_term_string}"},"query-input":{"@type":"PropertyValueSpecification","valueRequired":true,"valueName":"search_term_string"}}],"inLanguage":"en-US"},{"@type":"Organization","@id":"https:\/\/www.luminordic.com\/en\/#organization","name":"Luminordic","alternateName":"LUMI","url":"https:\/\/www.luminordic.com\/en\/","logo":{"@type":"ImageObject","inLanguage":"en-US","@id":"https:\/\/www.luminordic.com\/en\/#\/schema\/logo\/image\/","url":"https:\/\/www.luminordic.com\/wp-content\/uploads\/2024\/06\/lumi-nordic-logo-light.svg","contentUrl":"https:\/\/www.luminordic.com\/wp-content\/uploads\/2024\/06\/lumi-nordic-logo-light.svg","width":1,"height":1,"caption":"Luminordic"},"image":{"@id":"https:\/\/www.luminordic.com\/en\/#\/schema\/logo\/image\/"},"sameAs":["https:\/\/www.facebook.com\/luminordic"],"description":"LUMI is a natural skincare company offering science-backed solutions for problematic skin and everyday care.","email":"hei@luminordic.com","telephone":"+372 5663 2033.","legalName":"PERFECT COSMETICS O\u00dc","foundingDate":"2013-01-31","vatID":"EE101608806","numberOfEmployees":{"@type":"QuantitativeValue","minValue":"11","maxValue":"50"}},{"@type":"Person","@id":"https:\/\/www.luminordic.com\/en\/#\/schema\/person\/1edb267d74b2f1001a78621be2dcb9fb","name":"Bonamore","image":{"@type":"ImageObject","inLanguage":"en-US","@id":"https:\/\/secure.gravatar.com\/avatar\/d6abd0292e9809b7f118dcd15d69a1f83ccbe7c4ef69bfb0da73d21e186ecb99?s=96&d=mm&r=g","url":"https:\/\/secure.gravatar.com\/avatar\/d6abd0292e9809b7f118dcd15d69a1f83ccbe7c4ef69bfb0da73d21e186ecb99?s=96&d=mm&r=g","contentUrl":"https:\/\/secure.gravatar.com\/avatar\/d6abd0292e9809b7f118dcd15d69a1f83ccbe7c4ef69bfb0da73d21e186ecb99?s=96&d=mm&r=g","caption":"Bonamore"},"sameAs":["https:\/\/luminordic.com"],"url":"https:\/\/www.luminordic.com\/en\/author\/bonamore\/"}]}},"_links":{"self":[{"href":"https:\/\/www.luminordic.com\/en\/wp-json\/wp\/v2\/posts\/5183","targetHints":{"allow":["GET"]}}],"collection":[{"href":"https:\/\/www.luminordic.com\/en\/wp-json\/wp\/v2\/posts"}],"about":[{"href":"https:\/\/www.luminordic.com\/en\/wp-json\/wp\/v2\/types\/post"}],"author":[{"embeddable":true,"href":"https:\/\/www.luminordic.com\/en\/wp-json\/wp\/v2\/users\/1"}],"replies":[{"embeddable":true,"href":"https:\/\/www.luminordic.com\/en\/wp-json\/wp\/v2\/comments?post=5183"}],"version-history":[{"count":2,"href":"https:\/\/www.luminordic.com\/en\/wp-json\/wp\/v2\/posts\/5183\/revisions"}],"predecessor-version":[{"id":194311,"href":"https:\/\/www.luminordic.com\/en\/wp-json\/wp\/v2\/posts\/5183\/revisions\/194311"}],"wp:featuredmedia":[{"embeddable":true,"href":"https:\/\/www.luminordic.com\/en\/wp-json\/wp\/v2\/media\/5184"}],"wp:attachment":[{"href":"https:\/\/www.luminordic.com\/en\/wp-json\/wp\/v2\/media?parent=5183"}],"wp:term":[{"taxonomy":"category","embeddable":true,"href":"https:\/\/www.luminordic.com\/en\/wp-json\/wp\/v2\/categories?post=5183"},{"taxonomy":"post_tag","embeddable":true,"href":"https:\/\/www.luminordic.com\/en\/wp-json\/wp\/v2\/tags?post=5183"}],"curies":[{"name":"wp","href":"https:\/\/api.w.org\/{rel}","templated":true}]}}